{"id":7965,"date":"2021-12-09T17:52:21","date_gmt":"2021-12-09T16:52:21","guid":{"rendered":"https:\/\/skaneskonst.se\/?p=7965"},"modified":"2022-01-12T18:03:03","modified_gmt":"2022-01-12T17:03:03","slug":"ester-almqvists-stipendiat-2020-2021-ingela-ihrman-och-thale-vangen","status":"publish","type":"post","link":"https:\/\/skaneskonst.se\/en\/ester-almqvists-stipendiat-2020-2021-ingela-ihrman-och-thale-vangen\/","title":{"rendered":"Ester Almqvists stipendiat 2020\/2021: Ingela Ihrman och Thale Vangen"},"content":{"rendered":"<h3>Utdelning av stipendium ur Ester Almqvists Minnesfond<\/h3>\n<p>Torsdagen den 9 december, kl 17,<br \/>\nLunds konsthall<\/p>\n<p>Ester Almqvists Minnesfond tilldelar 2021 \u00e5rs stipendium till konstn\u00e4ren <strong>Thale Vangen<\/strong>.\u00a0 Hon tilldelas stipendiet f\u00f6r ett konstn\u00e4rskap lika vackert som det slumpartade m\u00f6tet mellan en symaskin och ett paraply p\u00e5 ett operationsbord \u2013 eller, i Thale Vangens tappning; mellan en j\u00e4ttebl\u00e4ckfisk och en pendlare p\u00e5 Odenplans tunnelbaneperrong eller mellan en elefantsnabel i brons och en barnn\u00e4sa p\u00e5 en skolg\u00e5rd i Lund. Med naturvetarens blick p\u00e5 tillvarons mytologiska dimensioner balanserar hon obekymrat mellan obehag och sk\u00f6nhet n\u00e4r tagel perforerar tr\u00e4 och r\u00e5hud skrynklar sig i elegant veckade volanger.<\/p>\n<p>F\u00f6rra \u00e5ret, 2020, tilldelades konstn\u00e4ren <strong>Ingela Ihrman<\/strong> stipendiet, men p\u00e5 grund av pandemin blev det inte tillf\u00e4lle att fira detta. Ingela Ihrman tilldelades stipendiet f\u00f6r ett konstn\u00e4rskap som, med lika delar spratt och sk\u00e4rpa, f\u00f6rmedlar lyriska rapporter fr\u00e5n all v\u00e4rldens flora och fauna till en m\u00e4nsklighet p\u00e5 dekis. Ingen organism verkar henne fr\u00e4mmande n\u00e4r hon, med den egna kroppen som verktyg, s\u00f6ker sl\u00e4ktskap med tarmt\u00e5ng, tr\u00e4sk eller grottget. Med art-\u00f6verskridande metod, grundad i dans, biologi och simning, redog\u00f6r hon f\u00f6r fossil-fascination och padd-passion s\u00e5 \u00f6vertygande att vi, allt medan isarna sm\u00e4lter, uppfriskande nog b\u00f6rjar tvivla p\u00e5 det r\u00e4ttf\u00e4rdiga i v\u00e5r placering \u00f6verst i naturens n\u00e4ringskedja.<\/p>\n<h4>Om Ester Almqvists Minnesfond<\/h4>\n<p>Ester Dorothea Almqvist (1869\u20131934) h\u00f6rde till de konstn\u00e4rer som banade v\u00e4g f\u00f6r modernismens genombrott i Sverige. Hennes konst pr\u00e4glades av expressionismens intensiva f\u00e4rgm\u00e4ttnad och \u00ac\u00acav en of\u00f6rv\u00e4gen linjef\u00f6ring som i hennes kraftfulla och dynamiskt komponerade dukar, ofta landskap, d\u00e4r motiven genomtr\u00e4ngs, ja besj\u00e4las, av den m\u00e5leriska gesten. I hennes v\u00e4nkrets \u00e5terfanns flertalet av d\u00e5tidens store konstn\u00e4rer: Tora Vega Holmstr\u00f6m, Maja Fjaestad, Maj Bring, Siri Derkert och Vera Nilsson med flera. \u00c5r 1992 uppm\u00e4rksammades Ester internationellt d\u00e5 F\u00f6renta Nationerna valde hennes m\u00e5lning Sammankomsten (1929) som motiv f\u00f6r ett av sex frim\u00e4rken i en serie som hyllar Deklarationen om de m\u00e4nskliga r\u00e4ttigheterna. Esters m\u00e5lning illustrerar Artikel 20: \u201cVar och en har r\u00e4tt till frihet i fr\u00e5ga om fredliga m\u00f6ten och sammanslutningar.\u201d Ester Almqvists Minnesfond instiftades 1965 med syftet att f\u00f6rvalta den f\u00f6rm\u00f6genhet som testamenterats av Esters syster, Maria Almqvist (1871\u20131964). Av fondens \u00e5rliga avkastning ska stipendier utdelas till en eller flera konstn\u00e4rer f\u00f6dda eller verksamma i Sk\u00e5ne. Stipendiesumman \u00e4r p\u00e5 160 000 kronor \u00e5r 2021.<\/p>\n<h4>Stiftelsens styrelse best\u00e5r av<\/h4>\n<p>Max Liljefors (ordf\u00f6rande), professor i konsthistoria och visuella studier, Lunds universitet<br \/>\nBianca Maria Barmen, konstn\u00e4r<br \/>\nLinda Fagerstr\u00f6m, lektor i konstvetenskap vid Linn\u00e9universitetet och konstkritiker<br \/>\nJari Malta, Sk\u00e5nes konstf\u00f6rening<br \/>\n\u00c5sa Nacking, chef f\u00f6r Lunds konsthall<\/p>\n<p>Bild: Thale Vangen, Snabel, Backaskolan (Lund, 2014).<\/p>\n","protected":false},"excerpt":{"rendered":"<p>Utdelning av stipendium ur Ester Almqvists Minnesfond Torsdagen den 9 december, kl 17, Lunds konsthall Ester Almqvists Minnesfond tilldelar 2021 \u00e5rs stipendium till konstn\u00e4ren Thale Vangen.\u00a0 Hon tilldelas stipendiet f\u00f6r ett konstn\u00e4rskap lika vackert som det slumpartade m\u00f6tet mellan en symaskin och ett paraply p\u00e5 ett operationsbord \u2013 eller, i Thale Vangens tappning; mellan en [&hellip;]<\/p>\n","protected":false},"author":4,"featured_media":0,"comment_status":"closed","ping_status":"closed","sticky":false,"template":"","format":"standard","meta":{"_acf_changed":false,"footnotes":""},"categories":[103],"tags":[],"class_list":["post-7965","post","type-post","status-publish","format-standard","hentry","category-projekt"],"translation":{"provider":"WPGlobus","version":"3.0.2","language":"en","enabled_languages":["sv","en"],"languages":{"sv":{"title":true,"content":true,"excerpt":false},"en":{"title":false,"content":false,"excerpt":false}}},"acf":[],"_links":{"self":[{"href":"https:\/\/skaneskonst.se\/en\/wp-json\/wp\/v2\/posts\/7965","targetHints":{"allow":["GET"]}}],"collection":[{"href":"https:\/\/skaneskonst.se\/en\/wp-json\/wp\/v2\/posts"}],"about":[{"href":"https:\/\/skaneskonst.se\/en\/wp-json\/wp\/v2\/types\/post"}],"author":[{"embeddable":true,"href":"https:\/\/skaneskonst.se\/en\/wp-json\/wp\/v2\/users\/4"}],"replies":[{"embeddable":true,"href":"https:\/\/skaneskonst.se\/en\/wp-json\/wp\/v2\/comments?post=7965"}],"version-history":[{"count":3,"href":"https:\/\/skaneskonst.se\/en\/wp-json\/wp\/v2\/posts\/7965\/revisions"}],"predecessor-version":[{"id":7971,"href":"https:\/\/skaneskonst.se\/en\/wp-json\/wp\/v2\/posts\/7965\/revisions\/7971"}],"wp:attachment":[{"href":"https:\/\/skaneskonst.se\/en\/wp-json\/wp\/v2\/media?parent=7965"}],"wp:term":[{"taxonomy":"category","embeddable":true,"href":"https:\/\/skaneskonst.se\/en\/wp-json\/wp\/v2\/categories?post=7965"},{"taxonomy":"post_tag","embeddable":true,"href":"https:\/\/skaneskonst.se\/en\/wp-json\/wp\/v2\/tags?post=7965"}],"curies":[{"name":"wp","href":"https:\/\/api.w.org\/{rel}","templated":true}]}}