{"id":7740,"date":"2010-01-21T13:01:55","date_gmt":"2010-01-21T12:01:55","guid":{"rendered":"https:\/\/skaneskonst.se\/?p=7740"},"modified":"2022-01-10T13:12:41","modified_gmt":"2022-01-10T12:12:41","slug":"sofi-lardner-haggstrom-fantasma","status":"publish","type":"post","link":"https:\/\/skaneskonst.se\/en\/sofi-lardner-haggstrom-fantasma\/","title":{"rendered":"Sofi Lardner-H\u00e4ggstr\u00f6m: Fantasma"},"content":{"rendered":"<h3>Sofi Lardner-H\u00e4ggstr\u00f6m: Fantasma<\/h3>\n<p>22\/1 &#8211; 20\/2 2010<\/p>\n<p>&nbsp;<\/p>\n<p><em>1941<br \/>\n<\/em><em>Bygget b\u00f6rjar av en artificiell sj\u00f6. En damm anl\u00e4ggs och dalen fylls med vatten. En medeltida by med sina 146 inv\u00e5nare ligger l\u00e4ngst ner. Byborna blir erbjudna pengar f\u00f6r att flytta. M\u00e5nga tackar nej, de vill bo kvar i sina hem. N\u00e5gra familjer tar allt som erbjuds och flyttar. De som \u00e4r sist kvar blir till slut h\u00e4mtade med b\u00e5t fr\u00e5n sina sjunkande hem. De har d\u00e5 ingenstans att ta v\u00e4gen. Dalen fylls p\u00e5 och kvar p\u00e5 botten av sj\u00f6n st\u00e5r byn. Var tionde \u00e5r t\u00f6ms sj\u00f6n p\u00e5 vatten och byborna \u00e5terv\u00e4nder d\u00e5 f\u00f6r att se sina gamla hem stiga upp ur ytan.<\/em><\/p>\n<p><em>2009<br \/>\nBolaget beslutar att inte t\u00f6mma sj\u00f6n mer.<\/em><\/p>\n<p>Sofi Lardner H\u00e4ggstr\u00f6m arbetar med m\u00e5leri, teckning och rumsliga videoinstallationer. Verken behandlar fr\u00e5gor om tid, gl\u00f6mska, f\u00f6rsvinnande och \u00e5ter seende. Med bland annat gamla fotografier och deras album som inspiration visas nya historier om\u00a0 det ok\u00e4nda, det som ligger under ytan. P\u00e5 utst\u00e4llningen hos oss visas teckningar, m\u00e5lningar och videoverk med samlingstiteln\u00a0<em>Fantasma<\/em>.<\/p>\n<p>&nbsp;<\/p>\n<p><strong>Sofi Lardner-H\u00e4ggstr\u00f6m<\/strong> \u00e4r f\u00f6dd 1972 i Stockholm och utbildad vid Konsth\u00f6gskolan Valand i G\u00f6teborg d\u00e4r hon tog examen 2008. Hon bor och arbetar i Stockholm.<\/p>\n<p><a href=\"http:\/\/www.lardnerhaggstrom.se\/\">www.lardnerhaggstrom.se<\/a><\/p>\n","protected":false},"excerpt":{"rendered":"<p>Sofi Lardner-H\u00e4ggstr\u00f6m: Fantasma 22\/1 &#8211; 20\/2 2010 &nbsp; 1941 Bygget b\u00f6rjar av en artificiell sj\u00f6. En damm anl\u00e4ggs och dalen fylls med vatten. En medeltida by med sina 146 inv\u00e5nare ligger l\u00e4ngst ner. Byborna blir erbjudna pengar f\u00f6r att flytta. M\u00e5nga tackar nej, de vill bo kvar i sina hem. N\u00e5gra familjer tar allt som [&hellip;]<\/p>\n","protected":false},"author":4,"featured_media":0,"comment_status":"open","ping_status":"open","sticky":false,"template":"","format":"standard","meta":{"_acf_changed":false,"footnotes":""},"categories":[38],"tags":[],"class_list":["post-7740","post","type-post","status-publish","format-standard","hentry","category-utstallning"],"translation":{"provider":"WPGlobus","version":"3.0.2","language":"en","enabled_languages":["sv","en"],"languages":{"sv":{"title":true,"content":true,"excerpt":false},"en":{"title":false,"content":false,"excerpt":false}}},"acf":[],"_links":{"self":[{"href":"https:\/\/skaneskonst.se\/en\/wp-json\/wp\/v2\/posts\/7740","targetHints":{"allow":["GET"]}}],"collection":[{"href":"https:\/\/skaneskonst.se\/en\/wp-json\/wp\/v2\/posts"}],"about":[{"href":"https:\/\/skaneskonst.se\/en\/wp-json\/wp\/v2\/types\/post"}],"author":[{"embeddable":true,"href":"https:\/\/skaneskonst.se\/en\/wp-json\/wp\/v2\/users\/4"}],"replies":[{"embeddable":true,"href":"https:\/\/skaneskonst.se\/en\/wp-json\/wp\/v2\/comments?post=7740"}],"version-history":[{"count":1,"href":"https:\/\/skaneskonst.se\/en\/wp-json\/wp\/v2\/posts\/7740\/revisions"}],"predecessor-version":[{"id":7744,"href":"https:\/\/skaneskonst.se\/en\/wp-json\/wp\/v2\/posts\/7740\/revisions\/7744"}],"wp:attachment":[{"href":"https:\/\/skaneskonst.se\/en\/wp-json\/wp\/v2\/media?parent=7740"}],"wp:term":[{"taxonomy":"category","embeddable":true,"href":"https:\/\/skaneskonst.se\/en\/wp-json\/wp\/v2\/categories?post=7740"},{"taxonomy":"post_tag","embeddable":true,"href":"https:\/\/skaneskonst.se\/en\/wp-json\/wp\/v2\/tags?post=7740"}],"curies":[{"name":"wp","href":"https:\/\/api.w.org\/{rel}","templated":true}]}}