{"id":6284,"date":"2021-09-01T16:14:58","date_gmt":"2021-09-01T14:14:58","guid":{"rendered":"https:\/\/skaneskonst.se\/?p=6284"},"modified":"2022-02-06T21:44:02","modified_gmt":"2022-02-06T20:44:02","slug":"arets-utstallningsstipendiat-sana-jarrar","status":"publish","type":"post","link":"https:\/\/skaneskonst.se\/en\/arets-utstallningsstipendiat-sana-jarrar\/","title":{"rendered":"Sana Jarrar is this year\u2019s recipient of Sven and Ellida Hjort\u2019s Grant"},"content":{"rendered":"<p>Sk\u00e5nes konstf\u00f6rening is happy to announce that Sana Jarrar is this year\u2019s recipient of Sven and Ellida Hjort\u2019s Exhibition Grant.<\/p>\n<p>Beyond a stipend of SEK 20 000, the award includes a curated exhibition at Sk\u00e5nes konstf\u00f6rening opening on February 4, 2022.<\/p>\n<p><strong>Sana Jarrar<\/strong> is a 21 year old multidisciplinary artist born and raised in Lund with roots in Palestine and Italy. She is currently based in Stockholm, pursuing a bachelor degree in Fine Arts at Konstfack.<\/p>\n<p>&nbsp;<\/p>\n<h4>The Jury\u2019s Statement<\/h4>\n<p><em>Making use of minimalism and abstraction, Sana Jarrar\u2019s practice inhabits an ambiguous territory, where straightforwardness and evocation collide. Her work hints at the complex relationship between belonging and resistance, sometimes alluding to the artist\u2019s own biography. However, Jarrar ensembles a reduced set of elements and materials in order to translate those preoccupations into powerful poetic compositions.<\/em><\/p>\n<p>&nbsp;<\/p>\n<h4>About The Stipend<\/h4>\n<p>Sven and Ellida Hjorts Exhibition Grant is awarded annually to an emerging artist from Sk\u00e5ne. Hanni Kamaly was the first recipient of the grant in 2017, followed by LealVeileby (artist duo consisting of Ant\u00f3nio Leal and Jesper Veileby), Ikram Abdulkadir and Cia Kanthi, who was last year\u2019s recipient. The awarded artist is chosen by a jury appointed by the board of Sk\u00e5nes konstf\u00f6rening. The 2021 jury consisted of Ana Mar\u00eda Bermeo (art historian, pedagogue), Andr\u00e9s D\u00edaz Garc\u00eda (writer, artist) and Jari Malta (curator, writer).<\/p>\n","protected":false},"excerpt":{"rendered":"<p>Sk\u00e5nes konstf\u00f6rening is happy to announce that Sana Jarrar is this year\u2019s recipient of Sven and Ellida Hjort\u2019s Exhibition Grant. Beyond a stipend of SEK 20 000, the award includes a curated exhibition at Sk\u00e5nes konstf\u00f6rening opening on February 4, 2022. Sana Jarrar is a 21 year old multidisciplinary artist born and raised in Lund [&hellip;]<\/p>\n","protected":false},"author":3,"featured_media":0,"comment_status":"closed","ping_status":"closed","sticky":false,"template":"","format":"standard","meta":{"_acf_changed":false,"footnotes":""},"categories":[40],"tags":[],"class_list":["post-6284","post","type-post","status-publish","format-standard","hentry","category-evenemang"],"translation":{"provider":"WPGlobus","version":"3.0.2","language":"en","enabled_languages":["sv","en"],"languages":{"sv":{"title":true,"content":true,"excerpt":false},"en":{"title":true,"content":true,"excerpt":false}}},"acf":[],"_links":{"self":[{"href":"https:\/\/skaneskonst.se\/en\/wp-json\/wp\/v2\/posts\/6284","targetHints":{"allow":["GET"]}}],"collection":[{"href":"https:\/\/skaneskonst.se\/en\/wp-json\/wp\/v2\/posts"}],"about":[{"href":"https:\/\/skaneskonst.se\/en\/wp-json\/wp\/v2\/types\/post"}],"author":[{"embeddable":true,"href":"https:\/\/skaneskonst.se\/en\/wp-json\/wp\/v2\/users\/3"}],"replies":[{"embeddable":true,"href":"https:\/\/skaneskonst.se\/en\/wp-json\/wp\/v2\/comments?post=6284"}],"version-history":[{"count":18,"href":"https:\/\/skaneskonst.se\/en\/wp-json\/wp\/v2\/posts\/6284\/revisions"}],"predecessor-version":[{"id":9640,"href":"https:\/\/skaneskonst.se\/en\/wp-json\/wp\/v2\/posts\/6284\/revisions\/9640"}],"wp:attachment":[{"href":"https:\/\/skaneskonst.se\/en\/wp-json\/wp\/v2\/media?parent=6284"}],"wp:term":[{"taxonomy":"category","embeddable":true,"href":"https:\/\/skaneskonst.se\/en\/wp-json\/wp\/v2\/categories?post=6284"},{"taxonomy":"post_tag","embeddable":true,"href":"https:\/\/skaneskonst.se\/en\/wp-json\/wp\/v2\/tags?post=6284"}],"curies":[{"name":"wp","href":"https:\/\/api.w.org\/{rel}","templated":true}]}}