{"id":4801,"date":"2019-10-10T15:35:23","date_gmt":"2019-10-10T13:35:23","guid":{"rendered":"http:\/\/skaneskonst.se\/?p=4801"},"modified":"2022-01-12T18:45:46","modified_gmt":"2022-01-12T17:45:46","slug":"almqvists-minnesfond-2019","status":"publish","type":"post","link":"https:\/\/skaneskonst.se\/en\/almqvists-minnesfond-2019\/","title":{"rendered":"Ester Almqvists stipendiat 2019: EvaMarie Lindhal"},"content":{"rendered":"<p><!-- \/wp:post-content --><\/p>\r\n<p><!-- wp:paragraph --><\/p>\r\n<p>EvaMarie Lindahl tilldelas 2019 \u00e5rs konstn\u00e4rsstipendium av Ester Almqvists minnesfond. Stipendiesumman \u00e4r p\u00e5 100 000 kronor. <br \/>Utdelningsceremonin \u00e4ger rum p\u00e5 Lunds konsthall den 10 oktober 2019, kl. 17.30<\/p>\r\n<h4>Juryns motivering<\/h4>\r\n<p>EvaMarie Lindahl f\u00e5r stipendiet f\u00f6r sitt konstn\u00e4rskap som med elegans balanserar handens skicklighet och m\u00f6da med tankens\u00a0reflekterande kraft och abstrakta f\u00f6rest\u00e4llningsf\u00f6rm\u00e5ga. Med kolsv\u00e4rtade\u00a0fingrar och ogrumlad blick\u00a0tar hon sig an konst- och v\u00e4rldshistoriens komplexa relationer, f\u00f6r att b\u00e4ttre f\u00f6rst\u00e5 vad som h\u00e4nde, hur och varf\u00f6r \u2013 och visar hur tecknandet \u00e4r ett lysande redskap i den\u00a0kognitiva process som\u00a0hj\u00e4lper oss begripa tillvaron.<\/p>\r\n<h4>Om Ester Almqvists Minnesfond<\/h4>\r\n<p>Ester Dorothea Almqvist (1869\u20131934) h\u00f6rde till de konstn\u00e4rer som banade v\u00e4g f\u00f6r modernismens genombrott i Sverige.\u00a0 Hennes konst pr\u00e4glades av expressionismens intensiva f\u00e4rgm\u00e4ttnad och \u00ad\u00adav en of\u00f6rv\u00e4gen linjef\u00f6ring som i hennes kraftfulla och dynamiskt komponerade dukar, ofta landskap, d\u00e4r motiven genomtr\u00e4ngs, ja besj\u00e4las, av den m\u00e5leriska gesten.\u00a0 I hennes v\u00e4nkrets \u00e5terfanns flertalet av d\u00e5tidens store konstn\u00e4rer: Tora Vega Holmstr\u00f6m, Maja Fjaestad, Maj Bring, Siri Derkert och Vera Nilsson med flera.<\/p>\r\n<p>\u00c5r 1992 uppm\u00e4rksammades Ester internationellt d\u00e5 F\u00f6renta Nationerna valde hennes m\u00e5lning Sammankomsten (1929) som motiv f\u00f6r ett av sex frim\u00e4rken i en serie som hyllar Deklarationen om de m\u00e4nskliga r\u00e4ttigheterna. Esters m\u00e5lning illustrerar Artikel 20: \u201cVar och en har r\u00e4tt till frihet i fr\u00e5ga om fredliga m\u00f6ten och sammanslutningar.\u201d<\/p>\r\n<p>Ester Almqvists Minnesfond instiftades 1965 med syftet att f\u00f6rvalta den f\u00f6rm\u00f6genhet som testamenterats av Esters syster, Maria Almqvist (1871\u20131964). Av fondens \u00e5rliga avkastning ska stipendier utdelas till en eller flera konstn\u00e4rer f\u00f6dda eller verksamma i Sk\u00e5ne.<\/p>\r\n<h4>Stiftelsens styrelse best\u00e5r av<\/h4>\r\n<p>Max Liljefors (ordf\u00f6rande), Professor i konsthistoria och visuella studier, Lunds universitet.<br \/>\u00c5sa Nacking, chef f\u00f6r Lunds konsthall<br \/>Linda Fagerstr\u00f6m, konstkritiker\u00a0<br \/>Bianca Maria Barmen, konstn\u00e4r<br \/>Janneke Schoene, Sk\u00e5nes konstf\u00f6rening<\/p>\r\n<p><!-- \/wp:paragraph --><\/p>","protected":false},"excerpt":{"rendered":"<p>Konstn\u00e4ren EvaMarie Lindahl tilldelas 2019 \u00e5rs konstn\u00e4rsstipendium av Ester Almqvists minnesfond. Ig\u00e5r \u00e4gde utdelningsceremonin rum p\u00e5 Lunds konsthall! EvaMarie f\u00e5r stipendiet f\u00f6r sitt konstn\u00e4rskap som med elegans balanserar handens skicklighet och m\u00f6da med tankens reflekterande kraft och abstrakta f\u00f6rest\u00e4llningsf\u00f6rm\u00e5ga. Med kolsv\u00e4rtade fingrar och ogrumlad blick tar hon sig an konst- och v\u00e4rldshistoriens komplexa relationer, f\u00f6r att b\u00e4ttre f\u00f6rst\u00e5 vad som h\u00e4nde, hur och varf\u00f6r \u2013 och visar hur tecknandet \u00e4r ett lysande redskap i den kognitiva process som hj\u00e4lper oss begripa tillvaron. Sk\u00e5nes konstf\u00f6rening \u00e4r en del av stiftelsens styrelse. Grattis EvaMarie! <\/p>\n","protected":false},"author":1,"featured_media":4803,"comment_status":"closed","ping_status":"closed","sticky":false,"template":"","format":"standard","meta":{"_acf_changed":false,"footnotes":""},"categories":[103],"tags":[],"class_list":["post-4801","post","type-post","status-publish","format-standard","has-post-thumbnail","hentry","category-projekt"],"translation":{"provider":"WPGlobus","version":"3.0.2","language":"en","enabled_languages":["sv","en"],"languages":{"sv":{"title":true,"content":true,"excerpt":true},"en":{"title":false,"content":false,"excerpt":false}}},"acf":[],"_links":{"self":[{"href":"https:\/\/skaneskonst.se\/en\/wp-json\/wp\/v2\/posts\/4801","targetHints":{"allow":["GET"]}}],"collection":[{"href":"https:\/\/skaneskonst.se\/en\/wp-json\/wp\/v2\/posts"}],"about":[{"href":"https:\/\/skaneskonst.se\/en\/wp-json\/wp\/v2\/types\/post"}],"author":[{"embeddable":true,"href":"https:\/\/skaneskonst.se\/en\/wp-json\/wp\/v2\/users\/1"}],"replies":[{"embeddable":true,"href":"https:\/\/skaneskonst.se\/en\/wp-json\/wp\/v2\/comments?post=4801"}],"version-history":[{"count":6,"href":"https:\/\/skaneskonst.se\/en\/wp-json\/wp\/v2\/posts\/4801\/revisions"}],"predecessor-version":[{"id":7999,"href":"https:\/\/skaneskonst.se\/en\/wp-json\/wp\/v2\/posts\/4801\/revisions\/7999"}],"wp:featuredmedia":[{"embeddable":true,"href":"https:\/\/skaneskonst.se\/en\/wp-json\/"}],"wp:attachment":[{"href":"https:\/\/skaneskonst.se\/en\/wp-json\/wp\/v2\/media?parent=4801"}],"wp:term":[{"taxonomy":"category","embeddable":true,"href":"https:\/\/skaneskonst.se\/en\/wp-json\/wp\/v2\/categories?post=4801"},{"taxonomy":"post_tag","embeddable":true,"href":"https:\/\/skaneskonst.se\/en\/wp-json\/wp\/v2\/tags?post=4801"}],"curies":[{"name":"wp","href":"https:\/\/api.w.org\/{rel}","templated":true}]}}