{"id":11096,"date":"2024-06-05T11:06:00","date_gmt":"2024-06-05T09:06:00","guid":{"rendered":"https:\/\/skaneskonst.se\/?p=11096"},"modified":"2024-06-05T11:06:50","modified_gmt":"2024-06-05T09:06:50","slug":"invigning-av-seveds-sommartorg-och-workshop","status":"publish","type":"post","link":"https:\/\/skaneskonst.se\/en\/invigning-av-seveds-sommartorg-och-workshop\/","title":{"rendered":"Inauguration of Seved&#8217;s summer square and workshop\u00a0"},"content":{"rendered":"<h3><b>Inauguration of Seved&#8217;s summer square and workshop<br \/>\n<\/b><b>June 8, 12.00\u201315.00 at Sevedsplan\u00a0<\/b><\/h3>\n<p><span style=\"font-weight: 400;\">Free and drop-in<br \/>\n<\/span><span style=\"font-weight: 400;\">For children and youths<\/span><\/p>\n<p><span style=\"font-weight: 400;\">Come and paint with us!<\/span><\/p>\n<p><span style=\"font-weight: 400;\">Throughout the summer, Sk\u00e5nes konstf\u00f6rening presents workshops at Sevedsplan. On June 8, we will celebrate the inauguration of the Summer Square with a party organized by the city of Malm\u00f6. We invite all children and youth to participate in a workshop where you can work with paper, paint and wood.\u00a0<\/span><\/p>\n<p><span style=\"font-weight: 400;\">Starting in 2022, Sevedsplan is Malm\u00f6 city&#8217;s first Summer Square with furniture, bbq, summer plants, lights, art and a little garden. The summer square is open from June to the end of September.\u00a0<\/span><\/p>\n<p><span style=\"font-weight: 400;\">Sk\u00e5nes konstf\u00f6rening will then return during Seved&#8217;s festival 2024 on June 27 and September 14 with several activities. The activities at Sevedsplan are presented in collaboration with the Red Cross, Fryshuset and MKB with support from the City of Malm\u00f6, Kulturell allemansr\u00e4tt p\u00e5 fritiden.<\/span><\/p>\n","protected":false},"excerpt":{"rendered":"<p>Inauguration of Seved&#8217;s summer square and workshop June 8, 12.00\u201315.00 at Sevedsplan\u00a0 Free and drop-in For children and youths Come and paint with us! Throughout the summer, Sk\u00e5nes konstf\u00f6rening presents workshops at Sevedsplan. On June 8, we will celebrate the inauguration of the Summer Square with a party organized by the city of Malm\u00f6. We [&hellip;]<\/p>\n","protected":false},"author":6,"featured_media":11097,"comment_status":"closed","ping_status":"closed","sticky":false,"template":"","format":"standard","meta":{"_acf_changed":false,"footnotes":""},"categories":[25],"tags":[],"class_list":["post-11096","post","type-post","status-publish","format-standard","has-post-thumbnail","hentry","category-workshop"],"translation":{"provider":"WPGlobus","version":"3.0.2","language":"en","enabled_languages":["sv","en"],"languages":{"sv":{"title":true,"content":true,"excerpt":false},"en":{"title":true,"content":true,"excerpt":false}}},"acf":[],"_links":{"self":[{"href":"https:\/\/skaneskonst.se\/en\/wp-json\/wp\/v2\/posts\/11096","targetHints":{"allow":["GET"]}}],"collection":[{"href":"https:\/\/skaneskonst.se\/en\/wp-json\/wp\/v2\/posts"}],"about":[{"href":"https:\/\/skaneskonst.se\/en\/wp-json\/wp\/v2\/types\/post"}],"author":[{"embeddable":true,"href":"https:\/\/skaneskonst.se\/en\/wp-json\/wp\/v2\/users\/6"}],"replies":[{"embeddable":true,"href":"https:\/\/skaneskonst.se\/en\/wp-json\/wp\/v2\/comments?post=11096"}],"version-history":[{"count":2,"href":"https:\/\/skaneskonst.se\/en\/wp-json\/wp\/v2\/posts\/11096\/revisions"}],"predecessor-version":[{"id":11101,"href":"https:\/\/skaneskonst.se\/en\/wp-json\/wp\/v2\/posts\/11096\/revisions\/11101"}],"wp:featuredmedia":[{"embeddable":true,"href":"https:\/\/skaneskonst.se\/en\/wp-json\/wp\/v2\/media\/11097"}],"wp:attachment":[{"href":"https:\/\/skaneskonst.se\/en\/wp-json\/wp\/v2\/media?parent=11096"}],"wp:term":[{"taxonomy":"category","embeddable":true,"href":"https:\/\/skaneskonst.se\/en\/wp-json\/wp\/v2\/categories?post=11096"},{"taxonomy":"post_tag","embeddable":true,"href":"https:\/\/skaneskonst.se\/en\/wp-json\/wp\/v2\/tags?post=11096"}],"curies":[{"name":"wp","href":"https:\/\/api.w.org\/{rel}","templated":true}]}}