{"id":10969,"date":"2024-03-14T09:21:32","date_gmt":"2024-03-14T08:21:32","guid":{"rendered":"https:\/\/skaneskonst.se\/?p=10969"},"modified":"2024-03-14T10:15:11","modified_gmt":"2024-03-14T09:15:11","slug":"skulpturworkshop-pasklov-pa-seved","status":"publish","type":"post","link":"https:\/\/skaneskonst.se\/en\/skulpturworkshop-pasklov-pa-seved\/","title":{"rendered":"Sculpture Workshop \u2013 Easter Break in Seved"},"content":{"rendered":"<p><b>Sculpture Workshop \u2013 Easter Break in Seved<br \/>\n<\/b><b>March 26\u201327, 12.00\u201315.00 at Sevedsplan<br \/>\n<\/b><b>We are inside Fryshuset\u2019s premises if it rains<\/b><\/p>\n<p>Free and drop-in<br \/>\nFor children and youths<br \/>\nWe offer food and coffee<\/p>\n<p><span style=\"font-weight: 400;\">Come and join us in a casting and sculpture workshop with artist Samaneh Reyhani!<\/span><\/p>\n<p><span style=\"font-weight: 400;\">Samaneh uses different materials and techniques and we will work with, for example, plaster and clay. You don&#8217;t need to have any prior knowledge.<\/span><\/p>\n<p><span style=\"font-weight: 400;\">Samaneh has studied at University of Fine Arts in Tehran and Malm\u00f6 Art Academy. She has had exhibitions at Malm\u00f6 Art Museum, Kulturhuset Stockholm, Uppsala Art Museum, Ystad Art Museum and G\u00e4vle Art Center and has made several public commissions. In June 2024, she will inaugurate a new public artwork in Fr\u00e4nninge, Sj\u00f6bo municipality, produced by Erlandssonska konstfonden together with Sk\u00e5nes konstf\u00f6rening.<\/span><\/p>\n<p><span style=\"font-weight: 400;\">Throughout the year, Sk\u00e5nes konstf\u00f6rening presents pedagogical activities with Samaneh Reyhani. The activities take place at Sevedsplan during school breaks in close collaboration with the Red Cross, Fryshuset and MKB. Our recurring pedagogical activities are organized by Janneke Schoene and supported by Malm\u00f6 Stad, Kulturell allemansr\u00e4tt p\u00e5 fritiden.\u00a0<\/span><\/p>\n<p>Image: <span class=\"sqsrte-text-color--accent\">Samaneh Reyhani,<\/span> <span class=\"sqsrte-text-color--accent\"><em>Sookhteh,<\/em> 2023. Photo: Marcus Matt.<\/span><\/p>\n","protected":false},"excerpt":{"rendered":"<p>Sculpture Workshop \u2013 Easter Break in Seved March 26\u201327, 12.00\u201315.00 at Sevedsplan We are inside Fryshuset\u2019s premises if it rains Free and drop-in For children and youths We offer food and coffee Come and join us in a casting and sculpture workshop with artist Samaneh Reyhani! Samaneh uses different materials and techniques and we will [&hellip;]<\/p>\n","protected":false},"author":6,"featured_media":10970,"comment_status":"closed","ping_status":"closed","sticky":false,"template":"","format":"standard","meta":{"_acf_changed":false,"footnotes":""},"categories":[25],"tags":[],"class_list":["post-10969","post","type-post","status-publish","format-standard","has-post-thumbnail","hentry","category-workshop"],"translation":{"provider":"WPGlobus","version":"3.0.2","language":"en","enabled_languages":["sv","en"],"languages":{"sv":{"title":true,"content":true,"excerpt":false},"en":{"title":true,"content":true,"excerpt":false}}},"acf":[],"_links":{"self":[{"href":"https:\/\/skaneskonst.se\/en\/wp-json\/wp\/v2\/posts\/10969","targetHints":{"allow":["GET"]}}],"collection":[{"href":"https:\/\/skaneskonst.se\/en\/wp-json\/wp\/v2\/posts"}],"about":[{"href":"https:\/\/skaneskonst.se\/en\/wp-json\/wp\/v2\/types\/post"}],"author":[{"embeddable":true,"href":"https:\/\/skaneskonst.se\/en\/wp-json\/wp\/v2\/users\/6"}],"replies":[{"embeddable":true,"href":"https:\/\/skaneskonst.se\/en\/wp-json\/wp\/v2\/comments?post=10969"}],"version-history":[{"count":4,"href":"https:\/\/skaneskonst.se\/en\/wp-json\/wp\/v2\/posts\/10969\/revisions"}],"predecessor-version":[{"id":10978,"href":"https:\/\/skaneskonst.se\/en\/wp-json\/wp\/v2\/posts\/10969\/revisions\/10978"}],"wp:featuredmedia":[{"embeddable":true,"href":"https:\/\/skaneskonst.se\/en\/wp-json\/wp\/v2\/media\/10970"}],"wp:attachment":[{"href":"https:\/\/skaneskonst.se\/en\/wp-json\/wp\/v2\/media?parent=10969"}],"wp:term":[{"taxonomy":"category","embeddable":true,"href":"https:\/\/skaneskonst.se\/en\/wp-json\/wp\/v2\/categories?post=10969"},{"taxonomy":"post_tag","embeddable":true,"href":"https:\/\/skaneskonst.se\/en\/wp-json\/wp\/v2\/tags?post=10969"}],"curies":[{"name":"wp","href":"https:\/\/api.w.org\/{rel}","templated":true}]}}